[{"@context":"https:\/\/schema.org\/","@type":"Article","@id":"https:\/\/www.ewcz.cz\/vedeni-ucetnictvi\/#Article","mainEntityOfPage":"https:\/\/www.ewcz.cz\/vedeni-ucetnictvi\/","headline":"Veden\u00ed \u00fa\u010detnictv\u00ed","name":"Veden\u00ed \u00fa\u010detnictv\u00ed","description":"Doslova nen\u00e1vid\u00ed jednu \u010d\u00e1st sv\u00e9 pr\u00e1ce? Jedn\u00e1 se o veden\u00ed \u00fa\u010detnictv\u00ed? Je to pro V\u00e1s slo\u017eit\u00e9, mimo Va\u0161e profesn\u00ed zam\u011b\u0159en\u00ed a nechcete d\u011blat pr\u00e1ci, kter\u00e9 zkr\u00e1tka nerozum\u00edte? Mo\u017en\u00e1 by bylo&hellip;","datePublished":"2025-03-10","dateModified":"2025-03-10","author":{"@type":"Person","@id":"https:\/\/www.ewcz.cz\/author\/#Person","name":"","url":"https:\/\/www.ewcz.cz\/author\/","identifier":1,"image":{"@type":"ImageObject","@id":"https:\/\/secure.gravatar.com\/avatar\/04053961f5a3d2af1f56d865c7fc774bb6a80b9754b2f4c57fa4f8cefa253bd4?s=96&d=mm&r=g","url":"https:\/\/secure.gravatar.com\/avatar\/04053961f5a3d2af1f56d865c7fc774bb6a80b9754b2f4c57fa4f8cefa253bd4?s=96&d=mm&r=g","height":96,"width":96}},"publisher":{"@type":"Organization","name":"ewcz.cz","logo":{"@type":"ImageObject","@id":"\/logo.png","url":"\/logo.png","width":600,"height":60}},"url":"https:\/\/www.ewcz.cz\/vedeni-ucetnictvi\/","wordCount":180,"articleBody":"Doslova nen\u00e1vid\u00ed jednu \u010d\u00e1st sv\u00e9 pr\u00e1ce? Jedn\u00e1 se o veden\u00ed \u00fa\u010detnictv\u00ed? Je to pro V\u00e1s slo\u017eit\u00e9, mimo Va\u0161e profesn\u00ed zam\u011b\u0159en\u00ed a nechcete d\u011blat pr\u00e1ci, kter\u00e9 zkr\u00e1tka nerozum\u00edte? Mo\u017en\u00e1 by bylo na \u010dase zm\u011bnit ve sv\u00e9m podnik\u00e1n\u00ed p\u0159\u00edstup a najmout si odborn\u00edky.Takov\u00fd odborn\u00edk, kter\u00fd se skute\u010dn\u011b vyzn\u00e1, je toti\u017e \u010dasto k nezaplacen\u00ed. Dok\u00e1\u017ee svou pr\u00e1ci d\u011blat s l\u00e1skou, precizn\u011b a v\u017edy v\u010das, co\u017e jsou p\u0159esn\u011b ty vlastnosti, kter\u00e9 Va\u0161\u00ed vlastn\u00ed pr\u00e1ci, pokud se tedy jedn\u00e1 o veden\u00ed \u00fa\u010detnictv\u00ed chyb\u00ed. Rozhodn\u011bte se spr\u00e1vn\u011b!Spr\u00e1vn\u00e9 rozhodov\u00e1n\u00ed je z\u00e1kladem \u00fasp\u011bchuSpr\u00e1vn\u00e9 rozhodov\u00e1n\u00ed je z\u00e1kladem \u00fasp\u011bchu jak pro osobn\u00ed \u017eivot, tak samoz\u0159ejm\u011b i pro ten pracovn\u00ed. A jeliko\u017e je oboj\u00ed prov\u00e1z\u00e1no, pak je um\u011bn\u00ed se rozhodnout dob\u0159e je\u0161t\u011b cenn\u011bj\u0161\u00ed. V\u011b\u0159te, \u017ee pr\u00e1ce veden\u00ed \u00fa\u010detnictv\u00ed sv\u011b\u0159en\u00e1 odborn\u00edk\u016fm bude t\u00edm spr\u00e1vn\u00fdm rozhodnut\u00edm.                                                                                                                                                                                                                                                                                                                                                                                        4\/5 - (2 votes)        "},{"@context":"https:\/\/schema.org\/","@type":"BreadcrumbList","itemListElement":[{"@type":"ListItem","position":1,"name":"Veden\u00ed \u00fa\u010detnictv\u00ed","item":"https:\/\/www.ewcz.cz\/vedeni-ucetnictvi\/#breadcrumbitem"}]}]