{"@context":"https:\/\/schema.org\/","@type":"CollectionPage","@id":"https:\/\/www.ewcz.cz\/spolecnosti\/#CollectionPage","headline":"Spole\u010dnosti Category","description":"","url":"https:\/\/www.ewcz.cz\/spolecnosti\/","hasPart":[{"@type":"Article","@id":"https:\/\/www.ewcz.cz\/tradicni-velikonocni-dekorace\/","headline":"Tradi\u010dn\u00ed velikono\u010dn\u00ed dekorace","url":"https:\/\/www.ewcz.cz\/tradicni-velikonocni-dekorace\/","datePublished":"2019-11-26","dateModified":"2019-11-26","mainEntityOfPage":"https:\/\/www.ewcz.cz\/tradicni-velikonocni-dekorace\/","author":{"@type":"Person","@id":"https:\/\/www.ewcz.cz\/author\/#Person","name":"","url":"https:\/\/www.ewcz.cz\/author\/","identifier":1,"image":{"@type":"ImageObject","@id":"https:\/\/secure.gravatar.com\/avatar\/04053961f5a3d2af1f56d865c7fc774bb6a80b9754b2f4c57fa4f8cefa253bd4?s=96&d=mm&r=g","url":"https:\/\/secure.gravatar.com\/avatar\/04053961f5a3d2af1f56d865c7fc774bb6a80b9754b2f4c57fa4f8cefa253bd4?s=96&d=mm&r=g","height":96,"width":96}},"publisher":{"@type":"Organization","name":"ewcz.cz","logo":{"@type":"ImageObject","@id":"\/logo.png","url":"\/logo.png","width":600,"height":60}},"image":{"@type":"ImageObject","@id":"https:\/\/www.ewcz.cz\/wp-content\/uploads\/img_a376788_w4238_t1588660543.jpg","url":"https:\/\/www.ewcz.cz\/wp-content\/uploads\/img_a376788_w4238_t1588660543.jpg","height":0,"width":0},"keywords":null}]}