{"@context":"https:\/\/schema.org\/","@type":"CollectionPage","@id":"https:\/\/www.ewcz.cz\/spolecnosti\/#CollectionPage","headline":"Spole\u010dnosti Category","description":"","url":"https:\/\/www.ewcz.cz\/spolecnosti\/","hasPart":[{"@type":"Article","@id":"https:\/\/www.ewcz.cz\/zajdete-k-nam-do-barber-shopu-na-kladenske-pesi-zone\/","headline":"Zajd\u011bte k n\u00e1m do Barber shopu na kladensk\u00e9 p\u011b\u0161\u00ed z\u00f3n\u011b","url":"https:\/\/www.ewcz.cz\/zajdete-k-nam-do-barber-shopu-na-kladenske-pesi-zone\/","datePublished":"2024-03-15","dateModified":"2024-04-15","mainEntityOfPage":"https:\/\/www.ewcz.cz\/zajdete-k-nam-do-barber-shopu-na-kladenske-pesi-zone\/","author":{"@type":"Person","@id":"https:\/\/www.ewcz.cz\/author\/#Person","name":"","url":"https:\/\/www.ewcz.cz\/author\/","identifier":1,"image":{"@type":"ImageObject","@id":"https:\/\/secure.gravatar.com\/avatar\/04053961f5a3d2af1f56d865c7fc774bb6a80b9754b2f4c57fa4f8cefa253bd4?s=96&d=mm&r=g","url":"https:\/\/secure.gravatar.com\/avatar\/04053961f5a3d2af1f56d865c7fc774bb6a80b9754b2f4c57fa4f8cefa253bd4?s=96&d=mm&r=g","height":96,"width":96}},"publisher":{"@type":"Organization","name":"ewcz.cz","logo":{"@type":"ImageObject","@id":"\/logo.png","url":"\/logo.png","width":600,"height":60}},"image":{"@type":"ImageObject","@id":"https:\/\/www.ewcz.cz\/wp-content\/uploads\/beroun-687820_640.jpg","url":"https:\/\/www.ewcz.cz\/wp-content\/uploads\/beroun-687820_640.jpg","height":0,"width":0},"keywords":null},{"@type":"Article","@id":"https:\/\/www.ewcz.cz\/hledate-neco\/","headline":"Hled\u00e1te n\u011bco?","url":"https:\/\/www.ewcz.cz\/hledate-neco\/","datePublished":"2024-02-28","dateModified":"2024-02-28","mainEntityOfPage":"https:\/\/www.ewcz.cz\/hledate-neco\/","author":{"@type":"Person","@id":"https:\/\/www.ewcz.cz\/author\/#Person","name":"","url":"https:\/\/www.ewcz.cz\/author\/","identifier":1,"image":{"@type":"ImageObject","@id":"https:\/\/secure.gravatar.com\/avatar\/04053961f5a3d2af1f56d865c7fc774bb6a80b9754b2f4c57fa4f8cefa253bd4?s=96&d=mm&r=g","url":"https:\/\/secure.gravatar.com\/avatar\/04053961f5a3d2af1f56d865c7fc774bb6a80b9754b2f4c57fa4f8cefa253bd4?s=96&d=mm&r=g","height":96,"width":96}},"publisher":{"@type":"Organization","name":"ewcz.cz","logo":{"@type":"ImageObject","@id":"\/logo.png","url":"\/logo.png","width":600,"height":60}},"image":{"@type":"ImageObject","@id":"https:\/\/www.ewcz.cz\/wp-content\/uploads\/online-marketing-1246457_640(1)_7.jpg","url":"https:\/\/www.ewcz.cz\/wp-content\/uploads\/online-marketing-1246457_640(1)_7.jpg","height":0,"width":0},"keywords":null},{"@type":"Article","@id":"https:\/\/www.ewcz.cz\/podnikejte-v-oboru-kteremu-rozumite\/","headline":"Podnikejte v oboru, kter\u00e9mu rozum\u00edte","url":"https:\/\/www.ewcz.cz\/podnikejte-v-oboru-kteremu-rozumite\/","datePublished":"2024-01-26","dateModified":"2024-02-26","mainEntityOfPage":"https:\/\/www.ewcz.cz\/podnikejte-v-oboru-kteremu-rozumite\/","author":{"@type":"Person","@id":"https:\/\/www.ewcz.cz\/author\/#Person","name":"","url":"https:\/\/www.ewcz.cz\/author\/","identifier":1,"image":{"@type":"ImageObject","@id":"https:\/\/secure.gravatar.com\/avatar\/04053961f5a3d2af1f56d865c7fc774bb6a80b9754b2f4c57fa4f8cefa253bd4?s=96&d=mm&r=g","url":"https:\/\/secure.gravatar.com\/avatar\/04053961f5a3d2af1f56d865c7fc774bb6a80b9754b2f4c57fa4f8cefa253bd4?s=96&d=mm&r=g","height":96,"width":96}},"publisher":{"@type":"Organization","name":"ewcz.cz","logo":{"@type":"ImageObject","@id":"\/logo.png","url":"\/logo.png","width":600,"height":60}},"image":{"@type":"ImageObject","@id":"https:\/\/www.ewcz.cz\/wp-content\/uploads\/office-620822_640_10_3.jpg","url":"https:\/\/www.ewcz.cz\/wp-content\/uploads\/office-620822_640_10_3.jpg","height":0,"width":0},"keywords":null},{"@type":"Article","@id":"https:\/\/www.ewcz.cz\/najdete-si-snazsi-cestu\/","headline":"Najd\u011bte si snaz\u0161\u00ed cestu.","url":"https:\/\/www.ewcz.cz\/najdete-si-snazsi-cestu\/","datePublished":"2024-01-19","dateModified":"2024-02-19","mainEntityOfPage":"https:\/\/www.ewcz.cz\/najdete-si-snazsi-cestu\/","author":{"@type":"Person","@id":"https:\/\/www.ewcz.cz\/author\/#Person","name":"","url":"https:\/\/www.ewcz.cz\/author\/","identifier":1,"image":{"@type":"ImageObject","@id":"https:\/\/secure.gravatar.com\/avatar\/04053961f5a3d2af1f56d865c7fc774bb6a80b9754b2f4c57fa4f8cefa253bd4?s=96&d=mm&r=g","url":"https:\/\/secure.gravatar.com\/avatar\/04053961f5a3d2af1f56d865c7fc774bb6a80b9754b2f4c57fa4f8cefa253bd4?s=96&d=mm&r=g","height":96,"width":96}},"publisher":{"@type":"Organization","name":"ewcz.cz","logo":{"@type":"ImageObject","@id":"\/logo.png","url":"\/logo.png","width":600,"height":60}},"image":{"@type":"ImageObject","@id":"https:\/\/www.ewcz.cz\/wp-content\/uploads\/people-253955_960_720.jpg","url":"https:\/\/www.ewcz.cz\/wp-content\/uploads\/people-253955_960_720.jpg","height":0,"width":0},"keywords":null},{"@type":"Article","@id":"https:\/\/www.ewcz.cz\/uklid-v-kancelarich\/","headline":"\u00daklid v kancel\u00e1\u0159\u00edch.","url":"https:\/\/www.ewcz.cz\/uklid-v-kancelarich\/","datePublished":"2023-12-15","dateModified":"2024-01-16","mainEntityOfPage":"https:\/\/www.ewcz.cz\/uklid-v-kancelarich\/","author":{"@type":"Person","@id":"https:\/\/www.ewcz.cz\/author\/#Person","name":"","url":"https:\/\/www.ewcz.cz\/author\/","identifier":1,"image":{"@type":"ImageObject","@id":"https:\/\/secure.gravatar.com\/avatar\/04053961f5a3d2af1f56d865c7fc774bb6a80b9754b2f4c57fa4f8cefa253bd4?s=96&d=mm&r=g","url":"https:\/\/secure.gravatar.com\/avatar\/04053961f5a3d2af1f56d865c7fc774bb6a80b9754b2f4c57fa4f8cefa253bd4?s=96&d=mm&r=g","height":96,"width":96}},"publisher":{"@type":"Organization","name":"ewcz.cz","logo":{"@type":"ImageObject","@id":"\/logo.png","url":"\/logo.png","width":600,"height":60}},"image":{"@type":"ImageObject","@id":"https:\/\/www.ewcz.cz\/wp-content\/uploads\/pexels-marc-mueller-380768(1).jpg","url":"https:\/\/www.ewcz.cz\/wp-content\/uploads\/pexels-marc-mueller-380768(1).jpg","height":0,"width":0},"keywords":null},{"@type":"Article","@id":"https:\/\/www.ewcz.cz\/kdo-vam-prestehuje-vestavenou-skrin-a-kuchyn\/","headline":"Kdo v\u00e1m p\u0159est\u011bhuje vestav\u011bnou sk\u0159\u00ed\u0148 a kuchy\u0148","url":"https:\/\/www.ewcz.cz\/kdo-vam-prestehuje-vestavenou-skrin-a-kuchyn\/","datePublished":"2023-09-26","dateModified":"2023-10-26","mainEntityOfPage":"https:\/\/www.ewcz.cz\/kdo-vam-prestehuje-vestavenou-skrin-a-kuchyn\/","author":{"@type":"Person","@id":"https:\/\/www.ewcz.cz\/author\/#Person","name":"","url":"https:\/\/www.ewcz.cz\/author\/","identifier":1,"image":{"@type":"ImageObject","@id":"https:\/\/secure.gravatar.com\/avatar\/04053961f5a3d2af1f56d865c7fc774bb6a80b9754b2f4c57fa4f8cefa253bd4?s=96&d=mm&r=g","url":"https:\/\/secure.gravatar.com\/avatar\/04053961f5a3d2af1f56d865c7fc774bb6a80b9754b2f4c57fa4f8cefa253bd4?s=96&d=mm&r=g","height":96,"width":96}},"publisher":{"@type":"Organization","name":"ewcz.cz","logo":{"@type":"ImageObject","@id":"\/logo.png","url":"\/logo.png","width":600,"height":60}},"image":{"@type":"ImageObject","@id":"https:\/\/www.ewcz.cz\/wp-content\/uploads\/wardrobe-5961193_640_10_5.jpg","url":"https:\/\/www.ewcz.cz\/wp-content\/uploads\/wardrobe-5961193_640_10_5.jpg","height":0,"width":0},"keywords":null},{"@type":"Article","@id":"https:\/\/www.ewcz.cz\/instalater-neni-hlupak-v-monterkach\/","headline":"Instalat\u00e9r nen\u00ed hlup\u00e1k v mont\u00e9rk\u00e1ch","url":"https:\/\/www.ewcz.cz\/instalater-neni-hlupak-v-monterkach\/","datePublished":"2023-06-21","dateModified":"2023-07-24","mainEntityOfPage":"https:\/\/www.ewcz.cz\/instalater-neni-hlupak-v-monterkach\/","author":{"@type":"Person","@id":"https:\/\/www.ewcz.cz\/author\/#Person","name":"","url":"https:\/\/www.ewcz.cz\/author\/","identifier":1,"image":{"@type":"ImageObject","@id":"https:\/\/secure.gravatar.com\/avatar\/04053961f5a3d2af1f56d865c7fc774bb6a80b9754b2f4c57fa4f8cefa253bd4?s=96&d=mm&r=g","url":"https:\/\/secure.gravatar.com\/avatar\/04053961f5a3d2af1f56d865c7fc774bb6a80b9754b2f4c57fa4f8cefa253bd4?s=96&d=mm&r=g","height":96,"width":96}},"publisher":{"@type":"Organization","name":"ewcz.cz","logo":{"@type":"ImageObject","@id":"\/logo.png","url":"\/logo.png","width":600,"height":60}},"image":{"@type":"ImageObject","@id":"https:\/\/www.ewcz.cz\/wp-content\/uploads\/tube-ga300eb176_640.jpg","url":"https:\/\/www.ewcz.cz\/wp-content\/uploads\/tube-ga300eb176_640.jpg","height":0,"width":0},"keywords":null},{"@type":"Article","@id":"https:\/\/www.ewcz.cz\/cestujete-do-zahranici\/","headline":"Cestujete do zahrani\u010d\u00ed?","url":"https:\/\/www.ewcz.cz\/cestujete-do-zahranici\/","datePublished":"2023-06-19","dateModified":"2023-07-27","mainEntityOfPage":"https:\/\/www.ewcz.cz\/cestujete-do-zahranici\/","author":{"@type":"Person","@id":"https:\/\/www.ewcz.cz\/author\/#Person","name":"","url":"https:\/\/www.ewcz.cz\/author\/","identifier":1,"image":{"@type":"ImageObject","@id":"https:\/\/secure.gravatar.com\/avatar\/04053961f5a3d2af1f56d865c7fc774bb6a80b9754b2f4c57fa4f8cefa253bd4?s=96&d=mm&r=g","url":"https:\/\/secure.gravatar.com\/avatar\/04053961f5a3d2af1f56d865c7fc774bb6a80b9754b2f4c57fa4f8cefa253bd4?s=96&d=mm&r=g","height":96,"width":96}},"publisher":{"@type":"Organization","name":"ewcz.cz","logo":{"@type":"ImageObject","@id":"\/logo.png","url":"\/logo.png","width":600,"height":60}},"image":{"@type":"ImageObject","@id":"https:\/\/www.ewcz.cz\/wp-content\/uploads\/dubrovnik-512798_640_10_10_4.jpg","url":"https:\/\/www.ewcz.cz\/wp-content\/uploads\/dubrovnik-512798_640_10_10_4.jpg","height":0,"width":0},"keywords":null},{"@type":"Article","@id":"https:\/\/www.ewcz.cz\/podnikani-pres-s-r-o\/","headline":"Podnik\u00e1n\u00ed p\u0159es s.r.o.","url":"https:\/\/www.ewcz.cz\/podnikani-pres-s-r-o\/","datePublished":"2023-05-30","dateModified":"2023-06-30","mainEntityOfPage":"https:\/\/www.ewcz.cz\/podnikani-pres-s-r-o\/","author":{"@type":"Person","@id":"https:\/\/www.ewcz.cz\/author\/#Person","name":"","url":"https:\/\/www.ewcz.cz\/author\/","identifier":1,"image":{"@type":"ImageObject","@id":"https:\/\/secure.gravatar.com\/avatar\/04053961f5a3d2af1f56d865c7fc774bb6a80b9754b2f4c57fa4f8cefa253bd4?s=96&d=mm&r=g","url":"https:\/\/secure.gravatar.com\/avatar\/04053961f5a3d2af1f56d865c7fc774bb6a80b9754b2f4c57fa4f8cefa253bd4?s=96&d=mm&r=g","height":96,"width":96}},"publisher":{"@type":"Organization","name":"ewcz.cz","logo":{"@type":"ImageObject","@id":"\/logo.png","url":"\/logo.png","width":600,"height":60}},"image":{"@type":"ImageObject","@id":"https:\/\/www.ewcz.cz\/wp-content\/uploads\/pexels-andrea-piacquadio-716411.jpg","url":"https:\/\/www.ewcz.cz\/wp-content\/uploads\/pexels-andrea-piacquadio-716411.jpg","height":0,"width":0},"keywords":null},{"@type":"Article","@id":"https:\/\/www.ewcz.cz\/co-nam-rekne-seznam-sidel-plzen\/","headline":"Co n\u00e1m \u0159ekne seznam s\u00eddel Plze\u0148","url":"https:\/\/www.ewcz.cz\/co-nam-rekne-seznam-sidel-plzen\/","datePublished":"2023-05-27","dateModified":"2023-06-29","mainEntityOfPage":"https:\/\/www.ewcz.cz\/co-nam-rekne-seznam-sidel-plzen\/","author":{"@type":"Person","@id":"https:\/\/www.ewcz.cz\/author\/#Person","name":"","url":"https:\/\/www.ewcz.cz\/author\/","identifier":1,"image":{"@type":"ImageObject","@id":"https:\/\/secure.gravatar.com\/avatar\/04053961f5a3d2af1f56d865c7fc774bb6a80b9754b2f4c57fa4f8cefa253bd4?s=96&d=mm&r=g","url":"https:\/\/secure.gravatar.com\/avatar\/04053961f5a3d2af1f56d865c7fc774bb6a80b9754b2f4c57fa4f8cefa253bd4?s=96&d=mm&r=g","height":96,"width":96}},"publisher":{"@type":"Organization","name":"ewcz.cz","logo":{"@type":"ImageObject","@id":"\/logo.png","url":"\/logo.png","width":600,"height":60}},"image":{"@type":"ImageObject","@id":"https:\/\/www.ewcz.cz\/wp-content\/uploads\/firma5_7.jpg","url":"https:\/\/www.ewcz.cz\/wp-content\/uploads\/firma5_7.jpg","height":0,"width":0},"keywords":null}]}