[{"@context":"https:\/\/schema.org\/","@type":"Blog","@id":"https:\/\/www.ewcz.cz#Blog","headline":"Ew","description":"\nNe ka\u017ed\u00e1 internetov\u00e1 nab\u00eddka je v\u00fdhodn\u00e1. A ne\u017e na ni tedy vsad\u00edte, m\u011bli byste se ujistit, zda na na\u0161em webu nez\u00edsk\u00e1te toto je\u0161t\u011b daleko v\u00fdhodn\u011bji.","url":"https:\/\/www.ewcz.cz","hasPart":[{"@type":"Article","@id":"https:\/\/www.ewcz.cz\/stavime-na-zahrade-verandu-s-terasou\/","headline":"Stav\u00edme na zahrad\u011b verandu s terasou","url":"https:\/\/www.ewcz.cz\/stavime-na-zahrade-verandu-s-terasou\/","datePublished":"2023-03-19","dateModified":"2023-04-25","mainEntityOfPage":"https:\/\/www.ewcz.cz\/stavime-na-zahrade-verandu-s-terasou\/","author":{"@type":"Person","@id":"https:\/\/www.ewcz.cz\/author\/#Person","name":"","url":"https:\/\/www.ewcz.cz\/author\/","identifier":1,"image":{"@type":"ImageObject","@id":"https:\/\/secure.gravatar.com\/avatar\/04053961f5a3d2af1f56d865c7fc774bb6a80b9754b2f4c57fa4f8cefa253bd4?s=96&d=mm&r=g","url":"https:\/\/secure.gravatar.com\/avatar\/04053961f5a3d2af1f56d865c7fc774bb6a80b9754b2f4c57fa4f8cefa253bd4?s=96&d=mm&r=g","height":96,"width":96}},"publisher":{"@type":"Organization","name":"ewcz.cz","logo":{"@type":"ImageObject","@id":"\/logo.png","url":"\/logo.png","width":600,"height":60}},"image":{"@type":"ImageObject","@id":"https:\/\/www.ewcz.cz\/wp-content\/uploads\/miniature-figures-gdedad31b4_640.jpg","url":"https:\/\/www.ewcz.cz\/wp-content\/uploads\/miniature-figures-gdedad31b4_640.jpg","height":0,"width":0},"wordCount":543,"keywords":null},{"@type":"Article","@id":"https:\/\/www.ewcz.cz\/jak-se-postarat-o-to-aby-deti-na-svou-narozeninovou-oslavu-nikdy-nezapomnely\/","headline":"Jak se postarat o to, aby d\u011bti na svou narozeninovou oslavu nikdy nezapomn\u011bly","url":"https:\/\/www.ewcz.cz\/jak-se-postarat-o-to-aby-deti-na-svou-narozeninovou-oslavu-nikdy-nezapomnely\/","datePublished":"2023-03-19","dateModified":"2023-04-25","mainEntityOfPage":"https:\/\/www.ewcz.cz\/jak-se-postarat-o-to-aby-deti-na-svou-narozeninovou-oslavu-nikdy-nezapomnely\/","author":{"@type":"Person","@id":"https:\/\/www.ewcz.cz\/author\/#Person","name":"","url":"https:\/\/www.ewcz.cz\/author\/","identifier":1,"image":{"@type":"ImageObject","@id":"https:\/\/secure.gravatar.com\/avatar\/04053961f5a3d2af1f56d865c7fc774bb6a80b9754b2f4c57fa4f8cefa253bd4?s=96&d=mm&r=g","url":"https:\/\/secure.gravatar.com\/avatar\/04053961f5a3d2af1f56d865c7fc774bb6a80b9754b2f4c57fa4f8cefa253bd4?s=96&d=mm&r=g","height":96,"width":96}},"publisher":{"@type":"Organization","name":"ewcz.cz","logo":{"@type":"ImageObject","@id":"\/logo.png","url":"\/logo.png","width":600,"height":60}},"image":{"@type":"ImageObject","@id":"https:\/\/www.ewcz.cz\/wp-content\/uploads\/cupcakes-380178__480_1.jpg","url":"https:\/\/www.ewcz.cz\/wp-content\/uploads\/cupcakes-380178__480_1.jpg","height":0,"width":0},"wordCount":633,"keywords":null},{"@type":"Article","@id":"https:\/\/www.ewcz.cz\/hydrolizovany-kolagen-a-jeho-ucinky\/","headline":"Hydrolizovan\u00fd kolagen a jeho \u00fa\u010dinky","url":"https:\/\/www.ewcz.cz\/hydrolizovany-kolagen-a-jeho-ucinky\/","datePublished":"2023-03-17","dateModified":"2023-04-25","mainEntityOfPage":"https:\/\/www.ewcz.cz\/hydrolizovany-kolagen-a-jeho-ucinky\/","author":{"@type":"Person","@id":"https:\/\/www.ewcz.cz\/author\/#Person","name":"","url":"https:\/\/www.ewcz.cz\/author\/","identifier":1,"image":{"@type":"ImageObject","@id":"https:\/\/secure.gravatar.com\/avatar\/04053961f5a3d2af1f56d865c7fc774bb6a80b9754b2f4c57fa4f8cefa253bd4?s=96&d=mm&r=g","url":"https:\/\/secure.gravatar.com\/avatar\/04053961f5a3d2af1f56d865c7fc774bb6a80b9754b2f4c57fa4f8cefa253bd4?s=96&d=mm&r=g","height":96,"width":96}},"publisher":{"@type":"Organization","name":"ewcz.cz","logo":{"@type":"ImageObject","@id":"\/logo.png","url":"\/logo.png","width":600,"height":60}},"image":{"@type":"ImageObject","@id":"https:\/\/www.ewcz.cz\/wp-content\/uploads\/articulated-manikin-g2ac406c70_640_8.jpg","url":"https:\/\/www.ewcz.cz\/wp-content\/uploads\/articulated-manikin-g2ac406c70_640_8.jpg","height":0,"width":0},"wordCount":569,"keywords":null},{"@type":"Article","@id":"https:\/\/www.ewcz.cz\/motorka-a-ja\/","headline":"Motorka a j\u00e1","url":"https:\/\/www.ewcz.cz\/motorka-a-ja\/","datePublished":"2023-03-10","dateModified":"2023-05-18","mainEntityOfPage":"https:\/\/www.ewcz.cz\/motorka-a-ja\/","author":{"@type":"Person","@id":"https:\/\/www.ewcz.cz\/author\/#Person","name":"","url":"https:\/\/www.ewcz.cz\/author\/","identifier":1,"image":{"@type":"ImageObject","@id":"https:\/\/secure.gravatar.com\/avatar\/04053961f5a3d2af1f56d865c7fc774bb6a80b9754b2f4c57fa4f8cefa253bd4?s=96&d=mm&r=g","url":"https:\/\/secure.gravatar.com\/avatar\/04053961f5a3d2af1f56d865c7fc774bb6a80b9754b2f4c57fa4f8cefa253bd4?s=96&d=mm&r=g","height":96,"width":96}},"publisher":{"@type":"Organization","name":"ewcz.cz","logo":{"@type":"ImageObject","@id":"\/logo.png","url":"\/logo.png","width":600,"height":60}},"image":{"@type":"ImageObject","@id":"https:\/\/www.ewcz.cz\/wp-content\/uploads\/motorcycle-2803800_960_720.jpg","url":"https:\/\/www.ewcz.cz\/wp-content\/uploads\/motorcycle-2803800_960_720.jpg","height":0,"width":0},"wordCount":537,"keywords":null},{"@type":"Article","@id":"https:\/\/www.ewcz.cz\/diky-nasi-revizi-elektriny-budete-mit-jistotu-kvality\/","headline":"D\u00edky na\u0161\u00ed revizi elekt\u0159iny budete m\u00edt jistotu kvality","url":"https:\/\/www.ewcz.cz\/diky-nasi-revizi-elektriny-budete-mit-jistotu-kvality\/","datePublished":"2023-03-10","dateModified":"2024-03-13","mainEntityOfPage":"https:\/\/www.ewcz.cz\/diky-nasi-revizi-elektriny-budete-mit-jistotu-kvality\/","author":{"@type":"Person","@id":"https:\/\/www.ewcz.cz\/author\/#Person","name":"","url":"https:\/\/www.ewcz.cz\/author\/","identifier":1,"image":{"@type":"ImageObject","@id":"https:\/\/secure.gravatar.com\/avatar\/04053961f5a3d2af1f56d865c7fc774bb6a80b9754b2f4c57fa4f8cefa253bd4?s=96&d=mm&r=g","url":"https:\/\/secure.gravatar.com\/avatar\/04053961f5a3d2af1f56d865c7fc774bb6a80b9754b2f4c57fa4f8cefa253bd4?s=96&d=mm&r=g","height":96,"width":96}},"publisher":{"@type":"Organization","name":"ewcz.cz","logo":{"@type":"ImageObject","@id":"\/logo.png","url":"\/logo.png","width":600,"height":60}},"image":null,"wordCount":451,"keywords":null},{"@type":"Article","@id":"https:\/\/www.ewcz.cz\/kratom-pomaha-od-bolesti-a-budete-se-diky-nemu-i-lepe-soustredit-s-davkovanim-to-neprehanejte\/","headline":"Kratom pom\u00e1h\u00e1 od bolesti a budete se d\u00edky n\u011bmu i l\u00e9pe soust\u0159edit, s d\u00e1vkov\u00e1n\u00edm to nep\u0159eh\u00e1n\u011bjte!","url":"https:\/\/www.ewcz.cz\/kratom-pomaha-od-bolesti-a-budete-se-diky-nemu-i-lepe-soustredit-s-davkovanim-to-neprehanejte\/","datePublished":"2023-02-28","dateModified":"2024-02-27","mainEntityOfPage":"https:\/\/www.ewcz.cz\/kratom-pomaha-od-bolesti-a-budete-se-diky-nemu-i-lepe-soustredit-s-davkovanim-to-neprehanejte\/","author":{"@type":"Person","@id":"https:\/\/www.ewcz.cz\/author\/#Person","name":"","url":"https:\/\/www.ewcz.cz\/author\/","identifier":1,"image":{"@type":"ImageObject","@id":"https:\/\/secure.gravatar.com\/avatar\/04053961f5a3d2af1f56d865c7fc774bb6a80b9754b2f4c57fa4f8cefa253bd4?s=96&d=mm&r=g","url":"https:\/\/secure.gravatar.com\/avatar\/04053961f5a3d2af1f56d865c7fc774bb6a80b9754b2f4c57fa4f8cefa253bd4?s=96&d=mm&r=g","height":96,"width":96}},"publisher":{"@type":"Organization","name":"ewcz.cz","logo":{"@type":"ImageObject","@id":"\/logo.png","url":"\/logo.png","width":600,"height":60}},"image":{"@type":"ImageObject","@id":"https:\/\/www.ewcz.cz\/wp-content\/uploads\/wheatgerm-grass-1169632__340.jpg","url":"https:\/\/www.ewcz.cz\/wp-content\/uploads\/wheatgerm-grass-1169632__340.jpg","height":0,"width":0},"wordCount":676,"keywords":null},{"@type":"Article","@id":"https:\/\/www.ewcz.cz\/skvely-pocitac\/","headline":"Skv\u011bl\u00fd po\u010d\u00edta\u010d","url":"https:\/\/www.ewcz.cz\/skvely-pocitac\/","datePublished":"2023-02-27","dateModified":"2023-04-27","mainEntityOfPage":"https:\/\/www.ewcz.cz\/skvely-pocitac\/","author":{"@type":"Person","@id":"https:\/\/www.ewcz.cz\/author\/#Person","name":"","url":"https:\/\/www.ewcz.cz\/author\/","identifier":1,"image":{"@type":"ImageObject","@id":"https:\/\/secure.gravatar.com\/avatar\/04053961f5a3d2af1f56d865c7fc774bb6a80b9754b2f4c57fa4f8cefa253bd4?s=96&d=mm&r=g","url":"https:\/\/secure.gravatar.com\/avatar\/04053961f5a3d2af1f56d865c7fc774bb6a80b9754b2f4c57fa4f8cefa253bd4?s=96&d=mm&r=g","height":96,"width":96}},"publisher":{"@type":"Organization","name":"ewcz.cz","logo":{"@type":"ImageObject","@id":"\/logo.png","url":"\/logo.png","width":600,"height":60}},"image":{"@type":"ImageObject","@id":"https:\/\/www.ewcz.cz\/wp-content\/uploads\/african-american-869673_960_720.jpg","url":"https:\/\/www.ewcz.cz\/wp-content\/uploads\/african-american-869673_960_720.jpg","height":0,"width":0},"wordCount":524,"keywords":null},{"@type":"Article","@id":"https:\/\/www.ewcz.cz\/jak-na-stahovani\/","headline":"Jak na stahov\u00e1n\u00ed","url":"https:\/\/www.ewcz.cz\/jak-na-stahovani\/","datePublished":"2023-02-24","dateModified":"2023-09-19","mainEntityOfPage":"https:\/\/www.ewcz.cz\/jak-na-stahovani\/","author":{"@type":"Person","@id":"https:\/\/www.ewcz.cz\/author\/#Person","name":"","url":"https:\/\/www.ewcz.cz\/author\/","identifier":1,"image":{"@type":"ImageObject","@id":"https:\/\/secure.gravatar.com\/avatar\/04053961f5a3d2af1f56d865c7fc774bb6a80b9754b2f4c57fa4f8cefa253bd4?s=96&d=mm&r=g","url":"https:\/\/secure.gravatar.com\/avatar\/04053961f5a3d2af1f56d865c7fc774bb6a80b9754b2f4c57fa4f8cefa253bd4?s=96&d=mm&r=g","height":96,"width":96}},"publisher":{"@type":"Organization","name":"ewcz.cz","logo":{"@type":"ImageObject","@id":"\/logo.png","url":"\/logo.png","width":600,"height":60}},"image":{"@type":"ImageObject","@id":"https:\/\/www.ewcz.cz\/wp-content\/uploads\/smartphone-1894723_960_720_3.jpg","url":"https:\/\/www.ewcz.cz\/wp-content\/uploads\/smartphone-1894723_960_720_3.jpg","height":0,"width":0},"wordCount":555,"keywords":null},{"@type":"Article","@id":"https:\/\/www.ewcz.cz\/dokonaly-svatebni-den\/","headline":"Dokonal\u00fd svatebn\u00ed den","url":"https:\/\/www.ewcz.cz\/dokonaly-svatebni-den\/","datePublished":"2023-02-23","dateModified":"2023-04-25","mainEntityOfPage":"https:\/\/www.ewcz.cz\/dokonaly-svatebni-den\/","author":{"@type":"Person","@id":"https:\/\/www.ewcz.cz\/author\/#Person","name":"","url":"https:\/\/www.ewcz.cz\/author\/","identifier":1,"image":{"@type":"ImageObject","@id":"https:\/\/secure.gravatar.com\/avatar\/04053961f5a3d2af1f56d865c7fc774bb6a80b9754b2f4c57fa4f8cefa253bd4?s=96&d=mm&r=g","url":"https:\/\/secure.gravatar.com\/avatar\/04053961f5a3d2af1f56d865c7fc774bb6a80b9754b2f4c57fa4f8cefa253bd4?s=96&d=mm&r=g","height":96,"width":96}},"publisher":{"@type":"Organization","name":"ewcz.cz","logo":{"@type":"ImageObject","@id":"\/logo.png","url":"\/logo.png","width":600,"height":60}},"image":{"@type":"ImageObject","@id":"https:\/\/www.ewcz.cz\/wp-content\/uploads\/pexels-antony-trivet-13644808_3.jpg","url":"https:\/\/www.ewcz.cz\/wp-content\/uploads\/pexels-antony-trivet-13644808_3.jpg","height":0,"width":0},"wordCount":590,"keywords":null},{"@type":"Article","@id":"https:\/\/www.ewcz.cz\/4-tipy-diky-kterym-bude-vase-rano-lepsi\/","headline":"4 tipy, d\u00edky kter\u00fdm bude va\u0161e r\u00e1no lep\u0161\u00ed","url":"https:\/\/www.ewcz.cz\/4-tipy-diky-kterym-bude-vase-rano-lepsi\/","datePublished":"2023-02-23","dateModified":"2023-04-25","mainEntityOfPage":"https:\/\/www.ewcz.cz\/4-tipy-diky-kterym-bude-vase-rano-lepsi\/","author":{"@type":"Person","@id":"https:\/\/www.ewcz.cz\/author\/#Person","name":"","url":"https:\/\/www.ewcz.cz\/author\/","identifier":1,"image":{"@type":"ImageObject","@id":"https:\/\/secure.gravatar.com\/avatar\/04053961f5a3d2af1f56d865c7fc774bb6a80b9754b2f4c57fa4f8cefa253bd4?s=96&d=mm&r=g","url":"https:\/\/secure.gravatar.com\/avatar\/04053961f5a3d2af1f56d865c7fc774bb6a80b9754b2f4c57fa4f8cefa253bd4?s=96&d=mm&r=g","height":96,"width":96}},"publisher":{"@type":"Organization","name":"ewcz.cz","logo":{"@type":"ImageObject","@id":"\/logo.png","url":"\/logo.png","width":600,"height":60}},"image":{"@type":"ImageObject","@id":"https:\/\/www.ewcz.cz\/wp-content\/uploads\/pancakes-2291908__480_1.jpg","url":"https:\/\/www.ewcz.cz\/wp-content\/uploads\/pancakes-2291908__480_1.jpg","height":0,"width":0},"wordCount":636,"keywords":null}]},{"@context":"https:\/\/schema.org","@type":"WebSite","@id":"https:\/\/www.ewcz.cz\/#website","name":"Ew","url":"https:\/\/www.ewcz.cz","potentialAction":{"@type":"SearchAction","target":"https:\/\/www.ewcz.cz\/?s={search_term_string}","query-input":"required name=search_term_string"}}]