[{"@context":"https:\/\/schema.org\/","@type":"Blog","@id":"https:\/\/www.ewcz.cz#Blog","headline":"Ew","description":"\nNe ka\u017ed\u00e1 internetov\u00e1 nab\u00eddka je v\u00fdhodn\u00e1. A ne\u017e na ni tedy vsad\u00edte, m\u011bli byste se ujistit, zda na na\u0161em webu nez\u00edsk\u00e1te toto je\u0161t\u011b daleko v\u00fdhodn\u011bji.","url":"https:\/\/www.ewcz.cz","hasPart":[{"@type":"Article","@id":"https:\/\/www.ewcz.cz\/populace-starne-nove-deti-se-nerodi-ale-co-duchody\/","headline":"Populace st\u00e1rne, nov\u00e9 d\u011bti se nerod\u00ed &#8211; ale co d\u016fchody?","url":"https:\/\/www.ewcz.cz\/populace-starne-nove-deti-se-nerodi-ale-co-duchody\/","datePublished":"2023-09-23","dateModified":"2023-10-26","mainEntityOfPage":"https:\/\/www.ewcz.cz\/populace-starne-nove-deti-se-nerodi-ale-co-duchody\/","author":{"@type":"Person","@id":"https:\/\/www.ewcz.cz\/author\/#Person","name":"","url":"https:\/\/www.ewcz.cz\/author\/","identifier":1,"image":{"@type":"ImageObject","@id":"https:\/\/secure.gravatar.com\/avatar\/04053961f5a3d2af1f56d865c7fc774bb6a80b9754b2f4c57fa4f8cefa253bd4?s=96&d=mm&r=g","url":"https:\/\/secure.gravatar.com\/avatar\/04053961f5a3d2af1f56d865c7fc774bb6a80b9754b2f4c57fa4f8cefa253bd4?s=96&d=mm&r=g","height":96,"width":96}},"publisher":{"@type":"Organization","name":"ewcz.cz","logo":{"@type":"ImageObject","@id":"\/logo.png","url":"\/logo.png","width":600,"height":60}},"image":{"@type":"ImageObject","@id":"https:\/\/www.ewcz.cz\/wp-content\/uploads\/omar-lopez-vTknj2OxDVg-unsplash.jpg","url":"https:\/\/www.ewcz.cz\/wp-content\/uploads\/omar-lopez-vTknj2OxDVg-unsplash.jpg","height":0,"width":0},"wordCount":528,"keywords":null},{"@type":"Article","@id":"https:\/\/www.ewcz.cz\/kvetinace-vhodne-do-bytu-kancelare-i-na-zahradu\/","headline":"Kv\u011btin\u00e1\u010de vhodn\u00e9 do bytu, kancel\u00e1\u0159e i na zahradu","url":"https:\/\/www.ewcz.cz\/kvetinace-vhodne-do-bytu-kancelare-i-na-zahradu\/","datePublished":"2023-09-23","dateModified":"2023-09-23","mainEntityOfPage":"https:\/\/www.ewcz.cz\/kvetinace-vhodne-do-bytu-kancelare-i-na-zahradu\/","author":{"@type":"Person","@id":"https:\/\/www.ewcz.cz\/author\/#Person","name":"","url":"https:\/\/www.ewcz.cz\/author\/","identifier":1,"image":{"@type":"ImageObject","@id":"https:\/\/secure.gravatar.com\/avatar\/04053961f5a3d2af1f56d865c7fc774bb6a80b9754b2f4c57fa4f8cefa253bd4?s=96&d=mm&r=g","url":"https:\/\/secure.gravatar.com\/avatar\/04053961f5a3d2af1f56d865c7fc774bb6a80b9754b2f4c57fa4f8cefa253bd4?s=96&d=mm&r=g","height":96,"width":96}},"publisher":{"@type":"Organization","name":"ewcz.cz","logo":{"@type":"ImageObject","@id":"\/logo.png","url":"\/logo.png","width":600,"height":60}},"image":null,"wordCount":278,"keywords":null},{"@type":"Article","@id":"https:\/\/www.ewcz.cz\/usetrit-se-da-ruzne\/","headline":"U\u0161et\u0159it se d\u00e1 r\u016fzn\u011b","url":"https:\/\/www.ewcz.cz\/usetrit-se-da-ruzne\/","datePublished":"2023-09-06","dateModified":"2023-10-06","mainEntityOfPage":"https:\/\/www.ewcz.cz\/usetrit-se-da-ruzne\/","author":{"@type":"Person","@id":"https:\/\/www.ewcz.cz\/author\/#Person","name":"","url":"https:\/\/www.ewcz.cz\/author\/","identifier":1,"image":{"@type":"ImageObject","@id":"https:\/\/secure.gravatar.com\/avatar\/04053961f5a3d2af1f56d865c7fc774bb6a80b9754b2f4c57fa4f8cefa253bd4?s=96&d=mm&r=g","url":"https:\/\/secure.gravatar.com\/avatar\/04053961f5a3d2af1f56d865c7fc774bb6a80b9754b2f4c57fa4f8cefa253bd4?s=96&d=mm&r=g","height":96,"width":96}},"publisher":{"@type":"Organization","name":"ewcz.cz","logo":{"@type":"ImageObject","@id":"\/logo.png","url":"\/logo.png","width":600,"height":60}},"image":{"@type":"ImageObject","@id":"https:\/\/www.ewcz.cz\/wp-content\/uploads\/alexander-mils-lCPhGxs7pww-unsplash_3.jpg","url":"https:\/\/www.ewcz.cz\/wp-content\/uploads\/alexander-mils-lCPhGxs7pww-unsplash_3.jpg","height":0,"width":0},"wordCount":572,"keywords":null},{"@type":"Article","@id":"https:\/\/www.ewcz.cz\/snidane-v-posteli\/","headline":"Sn\u00eddan\u011b v posteli","url":"https:\/\/www.ewcz.cz\/snidane-v-posteli\/","datePublished":"2023-08-13","dateModified":"2023-08-13","mainEntityOfPage":"https:\/\/www.ewcz.cz\/snidane-v-posteli\/","author":{"@type":"Person","@id":"https:\/\/www.ewcz.cz\/author\/#Person","name":"","url":"https:\/\/www.ewcz.cz\/author\/","identifier":1,"image":{"@type":"ImageObject","@id":"https:\/\/secure.gravatar.com\/avatar\/04053961f5a3d2af1f56d865c7fc774bb6a80b9754b2f4c57fa4f8cefa253bd4?s=96&d=mm&r=g","url":"https:\/\/secure.gravatar.com\/avatar\/04053961f5a3d2af1f56d865c7fc774bb6a80b9754b2f4c57fa4f8cefa253bd4?s=96&d=mm&r=g","height":96,"width":96}},"publisher":{"@type":"Organization","name":"ewcz.cz","logo":{"@type":"ImageObject","@id":"\/logo.png","url":"\/logo.png","width":600,"height":60}},"image":null,"wordCount":269,"keywords":null},{"@type":"Article","@id":"https:\/\/www.ewcz.cz\/jak-se-zaridime\/","headline":"Jak se za\u0159\u00edd\u00edme?","url":"https:\/\/www.ewcz.cz\/jak-se-zaridime\/","datePublished":"2023-07-21","dateModified":"2023-07-21","mainEntityOfPage":"https:\/\/www.ewcz.cz\/jak-se-zaridime\/","author":{"@type":"Person","@id":"https:\/\/www.ewcz.cz\/author\/#Person","name":"","url":"https:\/\/www.ewcz.cz\/author\/","identifier":1,"image":{"@type":"ImageObject","@id":"https:\/\/secure.gravatar.com\/avatar\/04053961f5a3d2af1f56d865c7fc774bb6a80b9754b2f4c57fa4f8cefa253bd4?s=96&d=mm&r=g","url":"https:\/\/secure.gravatar.com\/avatar\/04053961f5a3d2af1f56d865c7fc774bb6a80b9754b2f4c57fa4f8cefa253bd4?s=96&d=mm&r=g","height":96,"width":96}},"publisher":{"@type":"Organization","name":"ewcz.cz","logo":{"@type":"ImageObject","@id":"\/logo.png","url":"\/logo.png","width":600,"height":60}},"image":{"@type":"ImageObject","@id":"https:\/\/www.ewcz.cz\/wp-content\/uploads\/living-room-581073_640.jpg","url":"https:\/\/www.ewcz.cz\/wp-content\/uploads\/living-room-581073_640.jpg","height":0,"width":0},"wordCount":617,"keywords":null},{"@type":"Article","@id":"https:\/\/www.ewcz.cz\/tohoto-bleskurychleho-nakup-rozhodne-nebudete-litovat\/","headline":"Tohoto bleskurychl\u00e9ho n\u00e1kup rozhodn\u011b nebudete litovat","url":"https:\/\/www.ewcz.cz\/tohoto-bleskurychleho-nakup-rozhodne-nebudete-litovat\/","datePublished":"2023-07-12","dateModified":"2023-07-12","mainEntityOfPage":"https:\/\/www.ewcz.cz\/tohoto-bleskurychleho-nakup-rozhodne-nebudete-litovat\/","author":{"@type":"Person","@id":"https:\/\/www.ewcz.cz\/author\/#Person","name":"","url":"https:\/\/www.ewcz.cz\/author\/","identifier":1,"image":{"@type":"ImageObject","@id":"https:\/\/secure.gravatar.com\/avatar\/04053961f5a3d2af1f56d865c7fc774bb6a80b9754b2f4c57fa4f8cefa253bd4?s=96&d=mm&r=g","url":"https:\/\/secure.gravatar.com\/avatar\/04053961f5a3d2af1f56d865c7fc774bb6a80b9754b2f4c57fa4f8cefa253bd4?s=96&d=mm&r=g","height":96,"width":96}},"publisher":{"@type":"Organization","name":"ewcz.cz","logo":{"@type":"ImageObject","@id":"\/logo.png","url":"\/logo.png","width":600,"height":60}},"image":null,"wordCount":259,"keywords":null},{"@type":"Article","@id":"https:\/\/www.ewcz.cz\/budte-trpelivi-co-se-tyka-pocitace\/","headline":"Bu\u010fte trp\u011bliv\u00ed, co se t\u00fdk\u00e1 po\u010d\u00edta\u010de","url":"https:\/\/www.ewcz.cz\/budte-trpelivi-co-se-tyka-pocitace\/","datePublished":"2023-06-30","dateModified":"2023-09-07","mainEntityOfPage":"https:\/\/www.ewcz.cz\/budte-trpelivi-co-se-tyka-pocitace\/","author":{"@type":"Person","@id":"https:\/\/www.ewcz.cz\/author\/#Person","name":"","url":"https:\/\/www.ewcz.cz\/author\/","identifier":1,"image":{"@type":"ImageObject","@id":"https:\/\/secure.gravatar.com\/avatar\/04053961f5a3d2af1f56d865c7fc774bb6a80b9754b2f4c57fa4f8cefa253bd4?s=96&d=mm&r=g","url":"https:\/\/secure.gravatar.com\/avatar\/04053961f5a3d2af1f56d865c7fc774bb6a80b9754b2f4c57fa4f8cefa253bd4?s=96&d=mm&r=g","height":96,"width":96}},"publisher":{"@type":"Organization","name":"ewcz.cz","logo":{"@type":"ImageObject","@id":"\/logo.png","url":"\/logo.png","width":600,"height":60}},"image":{"@type":"ImageObject","@id":"https:\/\/www.ewcz.cz\/wp-content\/uploads\/macbook-459196_1280_1.jpg","url":"https:\/\/www.ewcz.cz\/wp-content\/uploads\/macbook-459196_1280_1.jpg","height":0,"width":0},"wordCount":570,"keywords":null},{"@type":"Article","@id":"https:\/\/www.ewcz.cz\/v-cem-vozit-holcicku\/","headline":"V \u010dem vozit hol\u010di\u010dku?","url":"https:\/\/www.ewcz.cz\/v-cem-vozit-holcicku\/","datePublished":"2023-06-27","dateModified":"2023-08-10","mainEntityOfPage":"https:\/\/www.ewcz.cz\/v-cem-vozit-holcicku\/","author":{"@type":"Person","@id":"https:\/\/www.ewcz.cz\/author\/#Person","name":"","url":"https:\/\/www.ewcz.cz\/author\/","identifier":1,"image":{"@type":"ImageObject","@id":"https:\/\/secure.gravatar.com\/avatar\/04053961f5a3d2af1f56d865c7fc774bb6a80b9754b2f4c57fa4f8cefa253bd4?s=96&d=mm&r=g","url":"https:\/\/secure.gravatar.com\/avatar\/04053961f5a3d2af1f56d865c7fc774bb6a80b9754b2f4c57fa4f8cefa253bd4?s=96&d=mm&r=g","height":96,"width":96}},"publisher":{"@type":"Organization","name":"ewcz.cz","logo":{"@type":"ImageObject","@id":"\/logo.png","url":"\/logo.png","width":600,"height":60}},"image":{"@type":"ImageObject","@id":"https:\/\/www.ewcz.cz\/wp-content\/uploads\/family-7551390_640_10_10_6.jpg","url":"https:\/\/www.ewcz.cz\/wp-content\/uploads\/family-7551390_640_10_10_6.jpg","height":0,"width":0},"wordCount":602,"keywords":null},{"@type":"Article","@id":"https:\/\/www.ewcz.cz\/sen-o-bydleni\/","headline":"Sen o bydlen\u00ed","url":"https:\/\/www.ewcz.cz\/sen-o-bydleni\/","datePublished":"2023-06-26","dateModified":"2023-07-26","mainEntityOfPage":"https:\/\/www.ewcz.cz\/sen-o-bydleni\/","author":{"@type":"Person","@id":"https:\/\/www.ewcz.cz\/author\/#Person","name":"","url":"https:\/\/www.ewcz.cz\/author\/","identifier":1,"image":{"@type":"ImageObject","@id":"https:\/\/secure.gravatar.com\/avatar\/04053961f5a3d2af1f56d865c7fc774bb6a80b9754b2f4c57fa4f8cefa253bd4?s=96&d=mm&r=g","url":"https:\/\/secure.gravatar.com\/avatar\/04053961f5a3d2af1f56d865c7fc774bb6a80b9754b2f4c57fa4f8cefa253bd4?s=96&d=mm&r=g","height":96,"width":96}},"publisher":{"@type":"Organization","name":"ewcz.cz","logo":{"@type":"ImageObject","@id":"\/logo.png","url":"\/logo.png","width":600,"height":60}},"image":{"@type":"ImageObject","@id":"https:\/\/www.ewcz.cz\/wp-content\/uploads\/house-2469067_1280.jpg","url":"https:\/\/www.ewcz.cz\/wp-content\/uploads\/house-2469067_1280.jpg","height":0,"width":0},"wordCount":550,"keywords":null},{"@type":"Article","@id":"https:\/\/www.ewcz.cz\/instalater-neni-hlupak-v-monterkach\/","headline":"Instalat\u00e9r nen\u00ed hlup\u00e1k v mont\u00e9rk\u00e1ch","url":"https:\/\/www.ewcz.cz\/instalater-neni-hlupak-v-monterkach\/","datePublished":"2023-06-21","dateModified":"2023-07-24","mainEntityOfPage":"https:\/\/www.ewcz.cz\/instalater-neni-hlupak-v-monterkach\/","author":{"@type":"Person","@id":"https:\/\/www.ewcz.cz\/author\/#Person","name":"","url":"https:\/\/www.ewcz.cz\/author\/","identifier":1,"image":{"@type":"ImageObject","@id":"https:\/\/secure.gravatar.com\/avatar\/04053961f5a3d2af1f56d865c7fc774bb6a80b9754b2f4c57fa4f8cefa253bd4?s=96&d=mm&r=g","url":"https:\/\/secure.gravatar.com\/avatar\/04053961f5a3d2af1f56d865c7fc774bb6a80b9754b2f4c57fa4f8cefa253bd4?s=96&d=mm&r=g","height":96,"width":96}},"publisher":{"@type":"Organization","name":"ewcz.cz","logo":{"@type":"ImageObject","@id":"\/logo.png","url":"\/logo.png","width":600,"height":60}},"image":{"@type":"ImageObject","@id":"https:\/\/www.ewcz.cz\/wp-content\/uploads\/tube-ga300eb176_640.jpg","url":"https:\/\/www.ewcz.cz\/wp-content\/uploads\/tube-ga300eb176_640.jpg","height":0,"width":0},"wordCount":510,"keywords":null}]},{"@context":"https:\/\/schema.org","@type":"WebSite","@id":"https:\/\/www.ewcz.cz\/#website","name":"Ew","url":"https:\/\/www.ewcz.cz","potentialAction":{"@type":"SearchAction","target":"https:\/\/www.ewcz.cz\/?s={search_term_string}","query-input":"required name=search_term_string"}}]