[{"@context":"https:\/\/schema.org\/","@type":"Article","@id":"https:\/\/www.ewcz.cz\/odpocinte-si-od-stereotypu\/#Article","mainEntityOfPage":"https:\/\/www.ewcz.cz\/odpocinte-si-od-stereotypu\/","headline":"Odpo\u010di\u0148te si od stereotypu","name":"Odpo\u010di\u0148te si od stereotypu","description":"M&Atilde;&iexcl;te pocit, &Aring;&frac34;e ka&Aring;&frac34;d&Atilde;&frac12; V&Atilde;&iexcl;&Aring;&iexcl; den je stejn&Atilde;&frac12; jako cel&Atilde;&iexcl; &Aring;&#8482;ada jeho p&Aring;&#8482;edchoz&Atilde;&shy;ch druh&Aring;&macr;? M&Atilde;&iexcl;te pocit, &Aring;&frac34;e to takto bude i ve dnech n&Atilde;&iexcl;sleduj&Atilde;&shy;c&Atilde;&shy;ch a nem&Atilde;&iexcl;te pra&Aring;&frac34;&Atilde;&iexcl;dnou chu&Aring;&yen; je takto&hellip;","datePublished":"2023-04-15","dateModified":"2024-04-17","author":{"@type":"Person","@id":"https:\/\/www.ewcz.cz\/author\/#Person","name":"","url":"https:\/\/www.ewcz.cz\/author\/","identifier":1,"image":{"@type":"ImageObject","@id":"https:\/\/secure.gravatar.com\/avatar\/04053961f5a3d2af1f56d865c7fc774bb6a80b9754b2f4c57fa4f8cefa253bd4?s=96&d=mm&r=g","url":"https:\/\/secure.gravatar.com\/avatar\/04053961f5a3d2af1f56d865c7fc774bb6a80b9754b2f4c57fa4f8cefa253bd4?s=96&d=mm&r=g","height":96,"width":96}},"publisher":{"@type":"Organization","name":"ewcz.cz","logo":{"@type":"ImageObject","@id":"\/logo.png","url":"\/logo.png","width":600,"height":60}},"url":"https:\/\/www.ewcz.cz\/odpocinte-si-od-stereotypu\/","wordCount":455,"articleBody":"M&Atilde;&iexcl;te pocit, &Aring;&frac34;e ka&Aring;&frac34;d&Atilde;&frac12; V&Atilde;&iexcl;&Aring;&iexcl; den je stejn&Atilde;&frac12; jako cel&Atilde;&iexcl; &Aring;&#8482;ada jeho p&Aring;&#8482;edchoz&Atilde;&shy;ch druh&Aring;&macr;? M&Atilde;&iexcl;te pocit, &Aring;&frac34;e to takto bude i ve dnech n&Atilde;&iexcl;sleduj&Atilde;&shy;c&Atilde;&shy;ch a nem&Atilde;&iexcl;te pra&Aring;&frac34;&Atilde;&iexcl;dnou chu&Aring;&yen; je takto str&Atilde;&iexcl;vit? Nen&Atilde;&shy; se &Auml;emu divit. Ale pro&Auml; to nezm&Auml;&#8250;nit? Pro&Auml; nehod&Atilde;&shy;te starosti a povinnosti, alespo&Aring;&#710; do&Auml;asn&Auml;&#8250;, za hlavu a nevyraz&Atilde;&shy;te s partnerem na romantick&Atilde;&frac12; v&Atilde;&shy;kend? Nedomlouvejte se s n&Atilde;&shy;m p&Aring;&#8482;edem, nic nepl&Atilde;&iexcl;nujte, jednodu&Aring;&iexcl;e ho uneste a je&Auml;te t&Aring;&#8482;eba tam, kde jste str&Atilde;&iexcl;vili svou prvn&Atilde;&shy; dovolenou. Odpov&Atilde;&shy;d&Atilde;&iexcl;te, &Aring;&frac34;e nem&Atilde;&iexcl;te na&Aring;&iexcl;et&Aring;&#8482;eno? Na&Auml; &Aring;&iexcl;et&Aring;&#8482;it, kdy&Aring;&frac34; od n&Atilde;&iexcl;s m&Aring;&macr;&Aring;&frac34;ete m&Atilde;&shy;t pen&Atilde;&shy;ze te&Auml;?\tFinance jsou dostupn&Atilde;&copy;Nedivte se, je to skute&Auml;n&Auml;&#8250; tak. U n&Atilde;&iexcl;s m&Aring;&macr;&Aring;&frac34;ete m&Atilde;&shy;t svou p&Aring;&macr;j&Auml;ku vy&Aring;&#8482;&Atilde;&shy;zenou z domova, bez nutnosti dokladov&Atilde;&iexcl;n&Atilde;&shy; v&Aring;&iexcl;emo&Aring;&frac34;n&Atilde;&frac12;ch dokument&Aring;&macr;. Sta&Auml;&Atilde;&shy; jen to, co m&Atilde;&iexcl;me v&Aring;&iexcl;ichni, tedy mobiln&Atilde;&shy; telefon a ob&Auml;ansk&Atilde;&frac12; pr&Aring;&macr;kaz. Nehled&Atilde;&shy;me na to, zda jste t&Aring;&#8482;eba na mate&Aring;&#8482;sk&Atilde;&copy; dovolen&Atilde;&copy; &Auml;i pracujete jen na zkr&Atilde;&iexcl;cen&Atilde;&frac12; &Atilde;&ordm;vazek s ni&Aring;&frac34;&Aring;&iexcl;&Atilde;&shy;m p&Aring;&#8482;&Atilde;&shy;jmem. P&Aring;&macr;j&Auml;ka ihned s t&Auml;&#8250;mi nejv&Atilde;&frac12;hodn&Auml;&#8250;j&Aring;&iexcl;&Atilde;&shy;mi podm&Atilde;&shy;nkami je schv&Atilde;&iexcl;lena b&Auml;&#8250;hem p&Atilde;&iexcl;r okam&Aring;&frac34;ik&Aring;&macr; a V&Atilde;&iexcl;m tedy ji&Aring;&frac34; nic nebr&Atilde;&iexcl;n&Atilde;&shy; v pl&Atilde;&iexcl;nov&Atilde;&iexcl;n&Atilde;&shy; romantiky ve dvou. P&Aring;&#8482;ekvapte sv&Atilde;&copy;ho partnera, jist&Auml;&#8250; bude nad&Aring;&iexcl;en&Atilde;&frac12;.                                                                                                                                                                                                                                                                                                                                                                                        4.2\/5 - (11 votes)        "},{"@context":"https:\/\/schema.org\/","@type":"BreadcrumbList","itemListElement":[{"@type":"ListItem","position":1,"name":"Odpo\u010di\u0148te si od stereotypu","item":"https:\/\/www.ewcz.cz\/odpocinte-si-od-stereotypu\/#breadcrumbitem"}]}]