[{"@context":"https:\/\/schema.org\/","@type":"Article","@id":"https:\/\/www.ewcz.cz\/i-deti-mohou-mit-pravdu\/#Article","mainEntityOfPage":"https:\/\/www.ewcz.cz\/i-deti-mohou-mit-pravdu\/","headline":"I d\u011bti mohou m\u00edt pravdu","name":"I d\u011bti mohou m\u00edt pravdu","description":"N\u011bkte\u0159\u00ed rodi\u010de jsou tac\u00ed, \u017ee nikdy neuznaj\u00ed, \u017ee oni zrovna v\u00a0dan\u00e9 situaci nemaj\u00ed pravdu, ale m\u00e1 ji n\u011bkdo jin\u00fd. T\u00edm jin\u00fdm \u010dlov\u011bkem m\u016f\u017ee b\u00fdt nap\u0159\u00edklad d\u00edt\u011b dan\u00fdch rodi\u010d\u016f. N\u011bkdy je&hellip;","datePublished":"2022-11-28","dateModified":"2023-04-25","author":{"@type":"Person","@id":"https:\/\/www.ewcz.cz\/author\/#Person","name":"","url":"https:\/\/www.ewcz.cz\/author\/","identifier":1,"image":{"@type":"ImageObject","@id":"https:\/\/secure.gravatar.com\/avatar\/04053961f5a3d2af1f56d865c7fc774bb6a80b9754b2f4c57fa4f8cefa253bd4?s=96&d=mm&r=g","url":"https:\/\/secure.gravatar.com\/avatar\/04053961f5a3d2af1f56d865c7fc774bb6a80b9754b2f4c57fa4f8cefa253bd4?s=96&d=mm&r=g","height":96,"width":96}},"publisher":{"@type":"Organization","name":"ewcz.cz","logo":{"@type":"ImageObject","@id":"\/logo.png","url":"\/logo.png","width":600,"height":60}},"image":{"@type":"ImageObject","@id":"https:\/\/www.ewcz.cz\/wp-content\/uploads\/iv.JPG","url":"https:\/\/www.ewcz.cz\/wp-content\/uploads\/iv.JPG","height":0,"width":0},"url":"https:\/\/www.ewcz.cz\/i-deti-mohou-mit-pravdu\/","about":["D\u011bti"],"wordCount":464,"articleBody":"N\u011bkte\u0159\u00ed rodi\u010de jsou tac\u00ed, \u017ee nikdy neuznaj\u00ed, \u017ee oni zrovna v\u00a0dan\u00e9 situaci nemaj\u00ed pravdu, ale m\u00e1 ji n\u011bkdo jin\u00fd. T\u00edm jin\u00fdm \u010dlov\u011bkem m\u016f\u017ee b\u00fdt nap\u0159\u00edklad d\u00edt\u011b dan\u00fdch rodi\u010d\u016f. N\u011bkdy je to opravdu tak, \u017ee mohou m\u00edt pravdu d\u011bti. Je ale jen m\u00e1lo dosp\u011bl\u00fdch lid\u00ed, kte\u0159\u00ed si \u0159eknou, \u017ee v\u00a0dan\u00e9 situaci m\u00e1 pravd\u011bpodobn\u011b pravdu d\u00edt\u011b a to u\u017e jen proto, \u017ee mnoho dosp\u011bl\u00fdch si mysl\u00ed, \u017ee oni jsou t\u011bmi, kdo mus\u00ed m\u00edt v\u017edy a za ka\u017edou cenu pravdu.P\u0159\u00edkladem m\u016f\u017ee b\u00fdt to, pokud se d\u00edt\u011b dostane do n\u011bjak\u00e9 situace, kter\u00e1 se za\u010dne \u0159e\u0161it. D\u00edt\u011b m\u016f\u017ee \u0159\u00edkat pravdu, ale je mo\u017en\u00e9, \u017ee rodi\u010d si to bude p\u0159ehr\u00e1vat podle sebe i kdy\u017e se to v\u016fbec nestalo tak, jak si dan\u00fd rodi\u010d mysl\u00ed. Je mo\u017en\u00e9, \u017ee se d\u00edt\u011b bude sna\u017eit dan\u00e9ho rodi\u010de p\u0159esv\u011bd\u010dit o tom, \u017ee v\u0161echno bylo \u00fapln\u011b jinak ne\u017e si mysl\u00ed, ale dan\u00fd rodi\u010d si neust\u00e1le pojede svoje.Jestli je n\u011bco, co by si m\u011bli rodi\u010de uv\u011bdomit, pak je to to, \u017ee zejm\u00e9na d\u011bti jsou t\u011bmi, kte\u0159\u00ed mnohdy hovo\u0159\u00ed pravdu, proto\u017ee nemaj\u00ed d\u016fvod lh\u00e1t. Nemaj\u00ed ani d\u016fvod ne\u0159\u00edct to, co si mysl\u00ed. D\u011bti jsou velice up\u0159\u00edmn\u00e9 a rodi\u010de by jim skute\u010dn\u011b m\u011bli v\u011b\u0159it a to v\u00a0cel\u00e9 \u0159ad\u011b v\u011bc\u00ed.Jestli\u017ee va\u0161emu d\u00edt\u011bti nev\u011b\u0159\u00edte a nev\u011b\u0159\u00edte ani tomu, \u017ee va\u0161e d\u00edt\u011b \u0159\u00edk\u00e1 pravdu, pak to nen\u00ed dobr\u00e9. N\u011bkdy se opravdu m\u016f\u017ee st\u00e1t, \u017ee se vyskytne situace, \u017ee bude m\u00edt dan\u00e9 d\u00edt\u011b pravdu, ale vy na n\u011bj budete nep\u0159\u00edjemn\u00ed, proto\u017ee si budete myslet n\u011bco jin\u00e9ho. Takov\u00e9 d\u00edt\u011b m\u016f\u017ee k\u00a0dan\u00e9mu rodi\u010di po \u010dase klidn\u011b ztratit d\u016fv\u011bru a to proto, \u017ee a\u0165 ud\u011bl\u00e1 cokoliv, je to v\u017edycky \u0161patn\u011b.Pr\u00e1v\u011b kv\u016fli p\u0159\u00edstupu rodi\u010d\u016f se m\u016f\u017ee st\u00e1t, \u017ee to d\u00edt\u011b nebude m\u00edt v\u00a0budoucnu v\u016fbec snadn\u00e9 a to proto, \u017ee bude m\u00edt probl\u00e9m komunikovat s\u00a0lidmi. Je dobr\u00e9 si n\u011bco takov\u00e9ho uv\u011bdomit zav\u010dasu, proto\u017ee t\u00edm m\u016f\u017eete va\u0161emu d\u00edt\u011bti u\u0161kodit. Je dobr\u00e9 se n\u011bkdy zamyslet nad t\u00edm, jestli n\u00e1hodou nem\u00e1 v\u00a0dan\u00e9 situaci pravdu va\u0161e d\u00edt\u011b, proto\u017ee je mo\u017en\u00e9, \u017ee j\u00ed opravdu m\u00e1. \u017d\u00e1dn\u00e9 d\u00edt\u011b nechce, aby mu n\u011bkdo k\u0159ivdil a je to pochopiteln\u00e9.                                                                                                                                                                                                                                                                                                                                                                                        4.1\/5 - (7 votes)        "},{"@context":"https:\/\/schema.org\/","@type":"BreadcrumbList","itemListElement":[{"@type":"ListItem","position":1,"name":"I d\u011bti mohou m\u00edt pravdu","item":"https:\/\/www.ewcz.cz\/i-deti-mohou-mit-pravdu\/#breadcrumbitem"}]}]