{"@context":"https:\/\/schema.org\/","@type":"CollectionPage","@id":"https:\/\/www.ewcz.cz\/ekonomika\/#CollectionPage","headline":"Ekonomika Category","description":"","url":"https:\/\/www.ewcz.cz\/ekonomika\/","hasPart":[{"@type":"Article","@id":"https:\/\/www.ewcz.cz\/nebankovni-hypoteka-pro-porizeni-horskeho-penzionu\/","headline":"Nebankovn\u00ed hypot\u00e9ka pro po\u0159\u00edzen\u00ed horsk\u00e9ho penzionu","url":"https:\/\/www.ewcz.cz\/nebankovni-hypoteka-pro-porizeni-horskeho-penzionu\/","datePublished":"2024-11-10","dateModified":"2024-11-10","mainEntityOfPage":"https:\/\/www.ewcz.cz\/nebankovni-hypoteka-pro-porizeni-horskeho-penzionu\/","author":{"@type":"Person","@id":"https:\/\/www.ewcz.cz\/author\/#Person","name":"","url":"https:\/\/www.ewcz.cz\/author\/","identifier":1,"image":{"@type":"ImageObject","@id":"https:\/\/secure.gravatar.com\/avatar\/04053961f5a3d2af1f56d865c7fc774bb6a80b9754b2f4c57fa4f8cefa253bd4?s=96&d=mm&r=g","url":"https:\/\/secure.gravatar.com\/avatar\/04053961f5a3d2af1f56d865c7fc774bb6a80b9754b2f4c57fa4f8cefa253bd4?s=96&d=mm&r=g","height":96,"width":96}},"publisher":{"@type":"Organization","name":"ewcz.cz","logo":{"@type":"ImageObject","@id":"\/logo.png","url":"\/logo.png","width":600,"height":60}},"image":{"@type":"ImageObject","@id":"https:\/\/www.ewcz.cz\/wp-content\/uploads\/mountains-3602837_640_10_4.jpg","url":"https:\/\/www.ewcz.cz\/wp-content\/uploads\/mountains-3602837_640_10_4.jpg","height":0,"width":0},"keywords":null},{"@type":"Article","@id":"https:\/\/www.ewcz.cz\/pujcku-nedostanete-jenom-tak\/","headline":"P\u016fj\u010dku nedostanete jenom tak","url":"https:\/\/www.ewcz.cz\/pujcku-nedostanete-jenom-tak\/","datePublished":"2024-11-09","dateModified":"2024-11-09","mainEntityOfPage":"https:\/\/www.ewcz.cz\/pujcku-nedostanete-jenom-tak\/","author":{"@type":"Person","@id":"https:\/\/www.ewcz.cz\/author\/#Person","name":"","url":"https:\/\/www.ewcz.cz\/author\/","identifier":1,"image":{"@type":"ImageObject","@id":"https:\/\/secure.gravatar.com\/avatar\/04053961f5a3d2af1f56d865c7fc774bb6a80b9754b2f4c57fa4f8cefa253bd4?s=96&d=mm&r=g","url":"https:\/\/secure.gravatar.com\/avatar\/04053961f5a3d2af1f56d865c7fc774bb6a80b9754b2f4c57fa4f8cefa253bd4?s=96&d=mm&r=g","height":96,"width":96}},"publisher":{"@type":"Organization","name":"ewcz.cz","logo":{"@type":"ImageObject","@id":"\/logo.png","url":"\/logo.png","width":600,"height":60}},"image":{"@type":"ImageObject","@id":"https:\/\/www.ewcz.cz\/wp-content\/uploads\/pppppp_10_10_10_2.jpg","url":"https:\/\/www.ewcz.cz\/wp-content\/uploads\/pppppp_10_10_10_2.jpg","height":0,"width":0},"keywords":null},{"@type":"Article","@id":"https:\/\/www.ewcz.cz\/neni-pujcka-jako-pujcka\/","headline":"Nen\u00ed p\u016fj\u010dka jako p\u016fj\u010dka","url":"https:\/\/www.ewcz.cz\/neni-pujcka-jako-pujcka\/","datePublished":"2024-09-22","dateModified":"2024-09-22","mainEntityOfPage":"https:\/\/www.ewcz.cz\/neni-pujcka-jako-pujcka\/","author":{"@type":"Person","@id":"https:\/\/www.ewcz.cz\/author\/#Person","name":"","url":"https:\/\/www.ewcz.cz\/author\/","identifier":1,"image":{"@type":"ImageObject","@id":"https:\/\/secure.gravatar.com\/avatar\/04053961f5a3d2af1f56d865c7fc774bb6a80b9754b2f4c57fa4f8cefa253bd4?s=96&d=mm&r=g","url":"https:\/\/secure.gravatar.com\/avatar\/04053961f5a3d2af1f56d865c7fc774bb6a80b9754b2f4c57fa4f8cefa253bd4?s=96&d=mm&r=g","height":96,"width":96}},"publisher":{"@type":"Organization","name":"ewcz.cz","logo":{"@type":"ImageObject","@id":"\/logo.png","url":"\/logo.png","width":600,"height":60}},"image":{"@type":"ImageObject","@id":"https:\/\/www.ewcz.cz\/wp-content\/uploads\/PPPPPPPPPPPPPPPPPPPPPPPPPPPPPPPPP.jpg","url":"https:\/\/www.ewcz.cz\/wp-content\/uploads\/PPPPPPPPPPPPPPPPPPPPPPPPPPPPPPPPP.jpg","height":0,"width":0},"keywords":null},{"@type":"Article","@id":"https:\/\/www.ewcz.cz\/populace-starne-nove-deti-se-nerodi-ale-co-duchody\/","headline":"Populace st\u00e1rne, nov\u00e9 d\u011bti se nerod\u00ed &#8211; ale co d\u016fchody?","url":"https:\/\/www.ewcz.cz\/populace-starne-nove-deti-se-nerodi-ale-co-duchody\/","datePublished":"2023-09-23","dateModified":"2023-10-26","mainEntityOfPage":"https:\/\/www.ewcz.cz\/populace-starne-nove-deti-se-nerodi-ale-co-duchody\/","author":{"@type":"Person","@id":"https:\/\/www.ewcz.cz\/author\/#Person","name":"","url":"https:\/\/www.ewcz.cz\/author\/","identifier":1,"image":{"@type":"ImageObject","@id":"https:\/\/secure.gravatar.com\/avatar\/04053961f5a3d2af1f56d865c7fc774bb6a80b9754b2f4c57fa4f8cefa253bd4?s=96&d=mm&r=g","url":"https:\/\/secure.gravatar.com\/avatar\/04053961f5a3d2af1f56d865c7fc774bb6a80b9754b2f4c57fa4f8cefa253bd4?s=96&d=mm&r=g","height":96,"width":96}},"publisher":{"@type":"Organization","name":"ewcz.cz","logo":{"@type":"ImageObject","@id":"\/logo.png","url":"\/logo.png","width":600,"height":60}},"image":{"@type":"ImageObject","@id":"https:\/\/www.ewcz.cz\/wp-content\/uploads\/omar-lopez-vTknj2OxDVg-unsplash.jpg","url":"https:\/\/www.ewcz.cz\/wp-content\/uploads\/omar-lopez-vTknj2OxDVg-unsplash.jpg","height":0,"width":0},"keywords":null},{"@type":"Article","@id":"https:\/\/www.ewcz.cz\/sen-o-bydleni\/","headline":"Sen o bydlen\u00ed","url":"https:\/\/www.ewcz.cz\/sen-o-bydleni\/","datePublished":"2023-06-26","dateModified":"2023-07-26","mainEntityOfPage":"https:\/\/www.ewcz.cz\/sen-o-bydleni\/","author":{"@type":"Person","@id":"https:\/\/www.ewcz.cz\/author\/#Person","name":"","url":"https:\/\/www.ewcz.cz\/author\/","identifier":1,"image":{"@type":"ImageObject","@id":"https:\/\/secure.gravatar.com\/avatar\/04053961f5a3d2af1f56d865c7fc774bb6a80b9754b2f4c57fa4f8cefa253bd4?s=96&d=mm&r=g","url":"https:\/\/secure.gravatar.com\/avatar\/04053961f5a3d2af1f56d865c7fc774bb6a80b9754b2f4c57fa4f8cefa253bd4?s=96&d=mm&r=g","height":96,"width":96}},"publisher":{"@type":"Organization","name":"ewcz.cz","logo":{"@type":"ImageObject","@id":"\/logo.png","url":"\/logo.png","width":600,"height":60}},"image":{"@type":"ImageObject","@id":"https:\/\/www.ewcz.cz\/wp-content\/uploads\/house-2469067_1280.jpg","url":"https:\/\/www.ewcz.cz\/wp-content\/uploads\/house-2469067_1280.jpg","height":0,"width":0},"keywords":null},{"@type":"Article","@id":"https:\/\/www.ewcz.cz\/hypoteka-pro-vas\/","headline":"Hypot\u00e9ka pro v\u00e1s","url":"https:\/\/www.ewcz.cz\/hypoteka-pro-vas\/","datePublished":"2023-05-29","dateModified":"2023-06-29","mainEntityOfPage":"https:\/\/www.ewcz.cz\/hypoteka-pro-vas\/","author":{"@type":"Person","@id":"https:\/\/www.ewcz.cz\/author\/#Person","name":"","url":"https:\/\/www.ewcz.cz\/author\/","identifier":1,"image":{"@type":"ImageObject","@id":"https:\/\/secure.gravatar.com\/avatar\/04053961f5a3d2af1f56d865c7fc774bb6a80b9754b2f4c57fa4f8cefa253bd4?s=96&d=mm&r=g","url":"https:\/\/secure.gravatar.com\/avatar\/04053961f5a3d2af1f56d865c7fc774bb6a80b9754b2f4c57fa4f8cefa253bd4?s=96&d=mm&r=g","height":96,"width":96}},"publisher":{"@type":"Organization","name":"ewcz.cz","logo":{"@type":"ImageObject","@id":"\/logo.png","url":"\/logo.png","width":600,"height":60}},"image":{"@type":"ImageObject","@id":"https:\/\/www.ewcz.cz\/wp-content\/uploads\/money-168025_1280.jpg","url":"https:\/\/www.ewcz.cz\/wp-content\/uploads\/money-168025_1280.jpg","height":0,"width":0},"keywords":null},{"@type":"Article","@id":"https:\/\/www.ewcz.cz\/bydleni-ktere-by-vas-nemelo-zklamat\/","headline":"Bydlen\u00ed, kter\u00e9 by v\u00e1s nem\u011blo zklamat","url":"https:\/\/www.ewcz.cz\/bydleni-ktere-by-vas-nemelo-zklamat\/","datePublished":"2021-05-15","dateModified":"2021-05-15","mainEntityOfPage":"https:\/\/www.ewcz.cz\/bydleni-ktere-by-vas-nemelo-zklamat\/","author":{"@type":"Person","@id":"https:\/\/www.ewcz.cz\/author\/#Person","name":"","url":"https:\/\/www.ewcz.cz\/author\/","identifier":1,"image":{"@type":"ImageObject","@id":"https:\/\/secure.gravatar.com\/avatar\/04053961f5a3d2af1f56d865c7fc774bb6a80b9754b2f4c57fa4f8cefa253bd4?s=96&d=mm&r=g","url":"https:\/\/secure.gravatar.com\/avatar\/04053961f5a3d2af1f56d865c7fc774bb6a80b9754b2f4c57fa4f8cefa253bd4?s=96&d=mm&r=g","height":96,"width":96}},"publisher":{"@type":"Organization","name":"ewcz.cz","logo":{"@type":"ImageObject","@id":"\/logo.png","url":"\/logo.png","width":600,"height":60}},"image":{"@type":"ImageObject","@id":"https:\/\/www.ewcz.cz\/wp-content\/uploads\/Ob%C3%BDv%C3%A1k_2.jpg","url":"https:\/\/www.ewcz.cz\/wp-content\/uploads\/Ob%C3%BDv%C3%A1k_2.jpg","height":0,"width":0},"keywords":null}]}