[{"@context":"https:\/\/schema.org\/","@type":"Article","@id":"https:\/\/www.ewcz.cz\/deti-take-chteji-soukromi\/#Article","mainEntityOfPage":"https:\/\/www.ewcz.cz\/deti-take-chteji-soukromi\/","headline":"D\u011bti tak\u00e9 cht\u011bj\u00ed soukrom\u00ed","name":"D\u011bti tak\u00e9 cht\u011bj\u00ed soukrom\u00ed","description":"Mysl\u00edte si, \u017ee d\u011bti nestoj\u00ed o soukrom\u00ed? Mysl\u00edte si, \u017ee d\u011bti neust\u00e1le pot\u0159ebuj\u00ed n\u011bkoho u sebe? Rozhodn\u011b ne. I d\u011bti pot\u0159ebuj\u00ed n\u011bjak\u00e9 to soukrom\u00ed i kdy\u017e kolikr\u00e1t ne tak, jako&hellip;","datePublished":"2022-12-28","dateModified":"2023-04-28","author":{"@type":"Person","@id":"https:\/\/www.ewcz.cz\/author\/#Person","name":"","url":"https:\/\/www.ewcz.cz\/author\/","identifier":1,"image":{"@type":"ImageObject","@id":"https:\/\/secure.gravatar.com\/avatar\/04053961f5a3d2af1f56d865c7fc774bb6a80b9754b2f4c57fa4f8cefa253bd4?s=96&d=mm&r=g","url":"https:\/\/secure.gravatar.com\/avatar\/04053961f5a3d2af1f56d865c7fc774bb6a80b9754b2f4c57fa4f8cefa253bd4?s=96&d=mm&r=g","height":96,"width":96}},"publisher":{"@type":"Organization","name":"ewcz.cz","logo":{"@type":"ImageObject","@id":"\/logo.png","url":"\/logo.png","width":600,"height":60}},"image":{"@type":"ImageObject","@id":"https:\/\/www.ewcz.cz\/wp-content\/uploads\/dite_3.JPG","url":"https:\/\/www.ewcz.cz\/wp-content\/uploads\/dite_3.JPG","height":0,"width":0},"url":"https:\/\/www.ewcz.cz\/deti-take-chteji-soukromi\/","about":["D\u011bti"],"wordCount":471,"articleBody":"Mysl\u00edte si, \u017ee d\u011bti nestoj\u00ed o soukrom\u00ed? Mysl\u00edte si, \u017ee d\u011bti neust\u00e1le pot\u0159ebuj\u00ed n\u011bkoho u sebe? Rozhodn\u011b ne. I d\u011bti pot\u0159ebuj\u00ed n\u011bjak\u00e9 to soukrom\u00ed i kdy\u017e kolikr\u00e1t ne tak, jako dosp\u011bl\u00fd \u010dlov\u011bk. Ur\u010dit\u011b to nebude tak, \u017ee by se d\u00edt\u011b, kter\u00e9 je mal\u00e9, zav\u0159elo do pokoje a cel\u00fd den z n\u011bj nevylezlo. V ur\u010dit\u00e9m v\u011bku ale dojde ke zlomu, kdy va\u0161e d\u00edt\u011b skoro neuvid\u00edte a jedin\u00e9, co bude va\u0161e d\u00edt\u011b d\u011blat bude to, \u017ee bude zav\u0159en\u00e9 v pokoji a nebude cht\u00edt, aby jej kdokoliv ru\u0161il.Soukrom\u00ed je n\u011bco, co rozhodn\u011b pot\u0159ebuje ka\u017ed\u00fd z n\u00e1s a to rozhodn\u011b jednou za \u010das. Jsou lid\u00e9, kte\u0159\u00ed jsou nejrad\u011bji, pokud jsou jen v soukrom\u00ed, ale n\u011bco takov\u00e9ho tak\u00e9 nen\u00ed \u00fapln\u011b ide\u00e1ln\u00ed, proto\u017ee kontakt s okol\u00edm je velice d\u016fle\u017eit\u00fd. Spousta lid\u00ed si n\u011bco takov\u00e9ho neuv\u011bdomuje, ale opravdu je to tak, \u017ee je pot\u0159eba b\u00fdt tak\u00e9 n\u011bkdy mezi lidmi.Jakmile bude m\u00edt \u010dlov\u011bk lid\u00ed dost, op\u011bt m\u016f\u017ee j\u00edt do sv\u00e9ho soukrom\u00ed, kde jej nebude nikdo ru\u0161it, ale je dobr\u00e9 neb\u00fdt po\u0159\u00e1d pouze v soukrom\u00ed a to hned z n\u011bkolika d\u016fvod\u016f.Pokud byl \u010dlov\u011bk d\u0159\u00edve extrovert a za\u010dal b\u00fdt v\u00edce v soukrom\u00ed ne\u017e mezi lidmi, mohlo doj\u00edt k tomu, \u017ee se z n\u011bj stal introvert. Mnohdy je velmi t\u011b\u017ek\u00e9 z \u010dlov\u011bk ud\u011blat op\u011bt extroverta a to nap\u0159\u00edklad z toho d\u016fvodu, \u017ee dan\u00fd \u010dlov\u011bk u\u017e nem\u00e1 v lidi takovou d\u016fv\u011bru, jakou m\u011bl d\u0159\u00edve.Nejen dosp\u011bl\u00ed lid\u00e9, ale i d\u011bti pot\u0159ebuj\u00ed m\u00edt sv\u016fj klid. Pokud se tedy stane, \u017ee va\u0161e d\u00edt\u011b odejde do sv\u00e9ho pokoje a vysloven\u011b v\u00e1s popros\u00ed, abyste za n\u00edm nechodili, proto\u017ee si chce samo hr\u00e1t nebo si d\u011blat \u00fakoly, m\u011bli byste \u017e\u00e1dost dan\u00e9ho d\u00edt\u011bte respektovat. Je mo\u017en\u00e9, \u017ee dan\u00e9 d\u00edt\u011b opravdu pot\u0159ebuje klid a nechce, aby jej cokoliv ru\u0161ilo.Jestli\u017ee je n\u011bco, co se \u010dasem nau\u010d\u00ed ka\u017ed\u00e9 d\u00edt\u011b, pak je to respektovat druh\u00e9 a kdy\u017e n\u011bkdo dan\u00e9 d\u00edt\u011b popros\u00ed o soukrom\u00ed, d\u00edt\u011b s t\u00edm nebude m\u00edt probl\u00e9m, pokud i dan\u00fd \u010dlov\u011bk bude d\u00edt\u011b respektovat. P\u0159esn\u011b t\u00edmto zp\u016fsobem by to m\u011blo fungovat a lid\u00e9 by si n\u011bco takov\u00e9ho m\u011bli uv\u011bdomit. Opravdu to nen\u00ed jen o tom, \u017ee va\u0161e d\u00edt\u011b bude respektovat v\u00e1s, ale vy jej nikoliv.                                                                                                                                                                                                                                                                                                                                                                                        4.6\/5 - (9 votes)        "},{"@context":"https:\/\/schema.org\/","@type":"BreadcrumbList","itemListElement":[{"@type":"ListItem","position":1,"name":"D\u011bti tak\u00e9 cht\u011bj\u00ed soukrom\u00ed","item":"https:\/\/www.ewcz.cz\/deti-take-chteji-soukromi\/#breadcrumbitem"}]}]